{"id":1057,"date":"2026-01-05T14:50:17","date_gmt":"2026-01-05T14:50:17","guid":{"rendered":"https:\/\/blog.ilanlar.com\/?p=1057"},"modified":"2026-01-05T14:50:17","modified_gmt":"2026-01-05T14:50:17","slug":"plaka-degistirme-ucreti-2026-yilinda-ne-kadar","status":"publish","type":"post","link":"https:\/\/blog.ilanlar.com\/plaka-degistirme-ucreti-2026-yilinda-ne-kadar\/","title":{"rendered":"Plaka De\u011fi\u015ftirme \u00dccreti 2026 Y\u0131l\u0131nda Ne Kadar?"},"content":{"rendered":"<p>Yeni bir ara\u00e7 almay\u0131 d\u00fc\u015f\u00fcnen ya da farkl\u0131 bir \u015fehir koduna ge\u00e7mek isteyen kullan\u0131c\u0131lar, plaka de\u011fi\u015ftirme \u00fccretini merak eder. Plaka de\u011fi\u015ftirme \u00fccreti ise her y\u0131l\u0131n ba\u015f\u0131nda g\u00fcncellenen noter har\u00e7lar\u0131 ve de\u011ferli ka\u011f\u0131t bedelleri do\u011frultusunda yenilenir. Bu ba\u011flamda plaka de\u011fi\u015ftirme \u00fccreti 2026 y\u0131l\u0131nda de\u011fi\u015fmi\u015ftir. \u0130\u00e7eri\u011fimizde ise 2026 i\u00e7in belirlenen plaka de\u011fi\u015ftirme fiyat\u0131na ve maliyeti belirleyen hususlara odaklanaca\u011f\u0131z. Ayr\u0131ca plaka de\u011fi\u015fikli\u011fi ile ilgili i\u015finize yarayacak bilgilere yer verece\u011fiz.<\/p>\n<h2>Plaka De\u011fi\u015ftirme Nedir? Kimler Plaka De\u011fi\u015fikli\u011fi Yapabilir?<\/h2>\n<p>Plaka de\u011fi\u015fikli\u011fi, bir arac\u0131n m\u00fclkiyeti ya da ara\u00e7 sahibinin ikametgah\u0131 de\u011fi\u015fti\u011finde, mevcut kodun de\u011fi\u015fmesi i\u015flemidir. Ge\u00e7mi\u015f y\u0131llarda plaka de\u011fi\u015ftirmek olduk\u00e7a karma\u015f\u0131k bir yap\u0131ya sahipti. Fakat g\u00fcn\u00fcm\u00fczde dijital sistemlerin entegrasyonu, s\u00fcrecin daha h\u0131zl\u0131 ilerlemesini m\u00fcmk\u00fcn k\u0131lm\u0131\u015ft\u0131r. Bu noktada, yasal mevzuata g\u00f6re belirli \u015fartlar\u0131 sa\u011flayan kullan\u0131c\u0131lar\u0131n plaka de\u011fi\u015ftirmesi m\u00fcmk\u00fcnd\u00fcr. Plaka de\u011fi\u015fikli\u011fi yapabilecek gruplar ise a\u015fa\u011f\u0131daki gibidir:<\/p>\n<ul>\n<li>\u0130kamet etti\u011fi ilin kodunu plakada g\u00f6rmek isteyen ikinci el ara\u00e7 sahipleri<\/li>\n<li>\u0130kametgah adresini bir ilden ba\u015fka bir ile ta\u015f\u0131yanlar<\/li>\n<li>Mevcut plakada fiziksel y\u0131pranma kaynakl\u0131 okunabilirlik sorunu \u00e7\u0131kanlar<\/li>\n<li>Halihaz\u0131rdaki plakan\u0131n can ve mal g\u00fcvenli\u011fini tehdit etmesi (\u00f6rne\u011fin emniyet birimlerinin \u00f6zel uyar\u0131lar\u0131)<\/li>\n<\/ul>\n<p>Yap\u0131lacak ba\u015fvurularda ise arac\u0131n \u00fczerinde herhangi bir hak mahrumiyeti veya bor\u00e7 bulunmamas\u0131 m\u00fchimdir. Ayr\u0131ca muayene s\u00fcresi ge\u00e7mi\u015f ara\u00e7lar\u0131n plaka de\u011fi\u015fim talepleri de sistem taraf\u0131ndan onaylanmamaktad\u0131r. Dolay\u0131s\u0131yla s\u00fcreci ba\u015flatmadan \u00f6nce arac\u0131n hukuki ve teknik durumunu kontrol etmek, zaman kayb\u0131n\u0131 \u00f6nlemek ad\u0131na faydal\u0131 olacakt\u0131r.<\/p>\n<h2>Plaka De\u011fi\u015ftirme \u00dccreti 2026 \u0130\u00e7in Ne Kadar Oldu?<\/h2>\n<p>Yeni y\u0131l\u0131n gelmesiyle birlikte plaka de\u011fi\u015ftirme \u00fccreti 2026 y\u0131l\u0131ndaki kalemler do\u011frultusunda de\u011fi\u015fmektedir. Bu noktada noter masraflar\u0131 ve plaka bas\u0131m maliyetleri ile birlikte plaka de\u011fi\u015ftirme fiyat\u0131 3.500-4.000 TL band\u0131ndad\u0131r. \u00d6te yandan s\u00f6z konusu de\u011ferler, y\u0131l devam ederken yap\u0131lan vergi g\u00fcncellemelerine g\u00f6re ufak sapmalar g\u00f6sterebilir. Dolay\u0131s\u0131yla al\u0131m-sat\u0131m i\u015flemi \u00f6ncesinde g\u00fcncel har\u00e7 tarifelerini, vergi dairesi ya da noterlik sayfalar\u0131ndan teyit etmelisiniz.<\/p>\n<p>Plaka de\u011fi\u015ftirme \u00fccreti 2026 y\u0131l\u0131nda a\u015fa\u011f\u0131daki kalemlerden etkilenmektedir:<\/p>\n<ul>\n<li>Noterlik tescil belgesi (ruhsat) bedeli, de\u011ferli ka\u011f\u0131t kategorisinde yer al\u0131r. Bundan dolay\u0131 da devlet taraf\u0131ndan belirlenen sabit bir \u00fccrete tabidir.<\/li>\n<li>Noter plaka de\u011fi\u015fim \u00fccreti, sat\u0131\u015f s\u00f6zle\u015fmesi bedeline ek olarak al\u0131nan i\u015flem har\u00e7lar\u0131n\u0131 kapsamaktad\u0131r.<\/li>\n<li>\u015eof\u00f6rler Odas\u0131 taraf\u0131ndan tahsil edilen plaka bas\u0131m maliyeti, kullan\u0131lan metal malzemenin ve i\u015f\u00e7ilik ile \u015fekillenir.<\/li>\n<\/ul>\n<p>\u015eirket ad\u0131na tescillenen plakalarda, ticaret sicil tasdiknamesi gibi ek belgelerin masraflar\u0131 da s\u00fcrece dahildir.<\/p>\n<h2>Plaka Nas\u0131l De\u011fi\u015ftirilir? Ad\u0131m Ad\u0131m Plaka De\u011fi\u015ftirme S\u00fcreci<\/h2>\n<p>S\u00fcre\u00e7, her zaman oldu\u011fu gibi noterlikler \u00fczerinden merkezi bir sistemle ilerler. Plaka de\u011fi\u015ftirme s\u00fcrecinin ilk ad\u0131m\u0131 ise sat\u0131\u015f s\u00f6zle\u015fmesi veya adres de\u011fi\u015fikli\u011fi s\u0131ras\u0131nda iste\u011fi a\u00e7\u0131k\u00e7a belirtmektir. Bu noktada noter onay\u0131 ger\u00e7ekle\u015ftikten sonra geriye d\u00f6n\u00fck de\u011fi\u015fim talebinde bulunmak, ek maliyetler do\u011furur.<\/p>\n<p>Plaka de\u011fi\u015fikli\u011fi s\u00fcreci genel olarak \u015fu ad\u0131mlar do\u011frultusunda ilerler:<\/p>\n<ul>\n<li>\u0130lk olarak notere ba\u015fvurmak ve de\u011fi\u015fiklik talebini sistem \u00fczerinden veri giri\u015f memuruna iletmek gerekir.<\/li>\n<li>Ard\u0131ndan, gerekli har\u00e7lar\u0131 ve plaka de\u011fi\u015ftirme \u00fccreti 2026 y\u0131l\u0131nda ka\u00e7 ise ilgili tutar\u0131 vezneye yat\u0131rmal\u0131s\u0131n\u0131z. Ayr\u0131ca noter masraflar\u0131n\u0131 da \u00f6demek \u00f6nemlidir.<\/li>\n<li>\u00d6demeler sonras\u0131nda noter, yeni tescil belgesini d\u00fczenler ve ara\u00e7 sahibine teslim eder.<\/li>\n<li>Ruhsat d\u00fczenlemesi sonras\u0131nda noter, bas\u0131m belgesini olu\u015fturur.<\/li>\n<li>Eski plakalar\u0131 notere teslim etmek ya da imhas\u0131n\u0131n ger\u00e7ekle\u015fmesi i\u00e7in sistemde i\u015faretlenmesi \u00f6nemlidir.<\/li>\n<li>Noterden bas\u0131m belgesini ald\u0131ktan sonra ba\u011fl\u0131 bulundu\u011funuz ildeki \u015eof\u00f6rler Odas\u0131na gitmelisiniz.<\/li>\n<li>Son olarak \u015eof\u00f6rler Odas\u0131\u2019nda plaka bas\u0131lacakt\u0131r.<\/li>\n<\/ul>\n<p>Bunlar\u0131n yan\u0131 s\u0131ra bas\u0131m a\u015famas\u0131nda, plaka bas\u0131m maliyeti noter \u00fccretinden ba\u011f\u0131ms\u0131z olarak tahsil edilir. Ayr\u0131ca \u00f6zel bir plaka talebiniz varsa da maliyetler de\u011fi\u015fir. Yani, \u00f6zel plaka veya belirli harf gruplar\u0131 istiyorsan\u0131z, plaka de\u011fi\u015ftirme \u00fccreti 2026 i\u00e7in daha farkl\u0131d\u0131r.<\/p>\n<h2>Plaka De\u011fi\u015fikli\u011fi S\u0131ras\u0131nda Nelere Dikkat Edilmeli?<\/h2>\n<p>Plaka de\u011fi\u015ftirme \u00fccreti 2026 i\u00e7in a\u015fa\u011f\u0131 yukar\u0131 benzer seviyededir. Bununla birlikte s\u00fcre\u00e7 i\u00e7inde kar\u015f\u0131la\u015f\u0131labilecek baz\u0131 durumlar vard\u0131r. S\u00fcre\u00e7 i\u00e7inde dikkatli davranmak ise ileride idari para cezalar\u0131yla kar\u015f\u0131la\u015fman\u0131n \u00f6n\u00fcne ge\u00e7er. \u00d6rne\u011fin belli bir karakterin hatal\u0131 bas\u0131lmas\u0131 veya plakan\u0131n m\u00fch\u00fcrs\u00fcz olmas\u0131, arac\u0131n ba\u011flanmas\u0131na bile yol a\u00e7abilir. \u015eof\u00f6rler Odas\u0131 ise plaka teslimat\u0131 \u00f6ncesinde hata olmamas\u0131 a\u00e7\u0131s\u0131ndan kontrol yapar. \u00d6te yandan riskleri minimize etmek i\u00e7in plaka de\u011fi\u015fim s\u00fcrecinde \u015funlara dikkat etmelisiniz:<\/p>\n<ul>\n<li>Plaka \u00fczerinde il kodu ve karakter dizisi, yeni d\u00fczenlenen ruhsat \u00fczerindeki bilgilerle e\u015fle\u015fmelidir.<\/li>\n<li>Amerikan Press olarak bilinen standart d\u0131\u015f\u0131 karakterli plakalar, muayeneden ge\u00e7medi\u011fi gibi a\u011f\u0131r cezalara da tabidir.<\/li>\n<li>Plakan\u0131n kenar\u0131ndaki so\u011fuk m\u00fch\u00fcr bas\u0131m\u0131n\u0131n eksiksiz ve net bir \u015fekilde g\u00f6r\u00fcn\u00fcr olmas\u0131 yasal bir zorunluluktur.<\/li>\n<li>Eski plakan\u0131n sistemden d\u00fc\u015f\u00fcr\u00fclmemesi durumunda, HGS veya trafik cezalar\u0131n\u0131n eski sahibine gidebilir.<\/li>\n<\/ul>\n<p>En \u00f6nemlisi, plaka de\u011fi\u015fikli\u011fi sonras\u0131nda kasko ve trafik sigortas\u0131 poli\u00e7eleri g\u00fcncellenmelidir. Bu ba\u011flamda <a href=\"https:\/\/www.ilanlar.com\/vasita\"><strong>ikinci el ara\u00e7<\/strong><\/a> ald\u0131ktan sonra sigorta acentenize yeni plaka bilgilerini muhakkak iletmelisiniz.<\/p>\n<h2>Plaka De\u011fi\u015fikli\u011fi S\u00fcrecinde \u00d6nemli Bilgiler<\/h2>\n<p>Vatanda\u015flar, plaka de\u011fi\u015ftirme \u00fccreti 2026 y\u0131l\u0131nda ne kadar sorusuna ek olarak \u00e7e\u015fitli hususlar\u0131 merak eder. Bunlardan biri ise \u201cikinci el al\u0131rken plaka de\u011fi\u015fmezse ne olur\u201d sorusu olmaktad\u0131r. \u0130kinci ara\u00e7 alma halinde mevcut plaka ile devam etmek, yasal bir zorunluluk te\u015fkil etmez. Bununla birlikte ikamet de\u011fi\u015fikli\u011fi nedeniyle plaka yenileyecekler, adres beyan\u0131 sonraki 30 g\u00fcn i\u00e7inde i\u015flem yapmal\u0131d\u0131r. \u00c7\u00fcnk\u00fc adres ile plaka kodu aras\u0131nda tutars\u0131zl\u0131k olmas\u0131, baz\u0131 otopark ve site y\u00f6netim sistemlerinde sorunlara yer a\u00e7ar.<\/p>\n<p>De\u011fi\u015fiklik s\u00fcreci tamamland\u0131ktan sonra eski plakan\u0131n tamamen ge\u00e7ersiz oldu\u011funu unutmamak gerekir. \u00d6te yandan yeni plakay\u0131 teslim ald\u0131ktan sonra, uygun vidalarla ve \u00e7er\u00e7evelerle monte etmelisiniz. Noter onay\u0131 olmadan merdiven alt\u0131 yerlerde plaka bast\u0131rmak ise sahtecilik su\u00e7u ihtimalini art\u0131r\u0131r. Ek olarak ara\u00e7ta mevcut bir HGS\/OGS aboneli\u011fi varsa, yeni plaka bilgileri g\u00fcncellenmelidir. Bu ba\u011flamda PTT ya da banka \u00fczerinden g\u00fcncelleme yapmal\u0131s\u0131n\u0131z.<\/p>\n<p>Bu i\u00e7eriklerimize de g\u00f6z at\u0131n:<\/p>\n<ul>\n<li><a href=\"https:\/\/blog.ilanlar.com\/noterde-ikinci-el-arac-satisinda-nelere-dikkat-etmelisiniz\/\">Noterde \u0130kinci El Ara\u00e7 Sat\u0131\u015f\u0131nda Nelere Dikkat Etmelisiniz?<\/a><\/li>\n<li><a href=\"https:\/\/blog.ilanlar.com\/ikinci-el-arac-satma\/\">\u0130kinci El Ara\u00e7 Satarken Dikkat Edilmesi Gerekenler<\/a><\/li>\n<li><a href=\"https:\/\/blog.ilanlar.com\/ozel-plaka-ne-anlama-gelir-nasil-alinir\/\">\u00d6zel Plaka Ne Anlama Gelir? Nas\u0131l Al\u0131n\u0131r?<\/a><\/li>\n<\/ul>\n","protected":false},"excerpt":{"rendered":"<p>Yeni bir ara\u00e7 almay\u0131 d\u00fc\u015f\u00fcnen ya da farkl\u0131 bir \u015fehir koduna ge\u00e7mek isteyen kullan\u0131c\u0131lar, plaka de\u011fi\u015ftirme \u00fccretini merak eder. Plaka de\u011fi\u015ftirme \u00fccreti ise her y\u0131l\u0131n ba\u015f\u0131nda g\u00fcncellenen noter har\u00e7lar\u0131 ve de\u011ferli ka\u011f\u0131t bedelleri do\u011frultusunda yenilenir. Bu ba\u011flamda plaka de\u011fi\u015ftirme \u00fccreti 2026 y\u0131l\u0131nda de\u011fi\u015fmi\u015ftir. \u0130\u00e7eri\u011fimizde ise 2026 i\u00e7in belirlenen plaka de\u011fi\u015ftirme fiyat\u0131na ve maliyeti belirleyen hususlara [&hellip;]<\/p>\n","protected":false},"author":1,"featured_media":1062,"comment_status":"open","ping_status":"open","sticky":false,"template":"","format":"standard","meta":{"footnotes":""},"categories":[1],"tags":[135],"class_list":["post-1057","post","type-post","status-publish","format-standard","has-post-thumbnail","hentry","category-genel","tag-plaka-degistirme"],"yoast_head":"<!-- This site is optimized with the Yoast SEO plugin v23.9 - https:\/\/yoast.com\/wordpress\/plugins\/seo\/ -->\n<title>Plaka De\u011fi\u015ftirme \u00dccreti 2026 Y\u0131l\u0131nda Ne Kadar? - ilanlar.com Blog<\/title>\n<meta name=\"description\" content=\"Plaka de\u011fi\u015ftirme \u00fccreti bir\u00e7ok s\u00fcr\u00fcc\u00fcn\u00fcn merak etti\u011fi bir konu. Peki plaka de\u011fi\u015ftirme s\u00fcrecinde neler sizi bekliyor?\" \/>\n<meta name=\"robots\" content=\"index, follow, max-snippet:-1, max-image-preview:large, max-video-preview:-1\" \/>\n<link rel=\"canonical\" href=\"https:\/\/ilanlar.com\/plaka-degistirme-ucreti-2026-yilinda-ne-kadar\" \/>\n<meta property=\"og:locale\" content=\"en_US\" \/>\n<meta property=\"og:type\" content=\"article\" \/>\n<meta property=\"og:title\" content=\"Plaka De\u011fi\u015ftirme \u00dccreti 2026 Y\u0131l\u0131nda Ne Kadar? - ilanlar.com Blog\" \/>\n<meta property=\"og:description\" content=\"Plaka de\u011fi\u015ftirme \u00fccreti bir\u00e7ok s\u00fcr\u00fcc\u00fcn\u00fcn merak etti\u011fi bir konu. Peki plaka de\u011fi\u015ftirme s\u00fcrecinde neler sizi bekliyor?\" \/>\n<meta property=\"og:url\" content=\"https:\/\/blog.ilanlar.com\/plaka-degistirme-ucreti-2026-yilinda-ne-kadar\/\" \/>\n<meta property=\"og:site_name\" content=\"ilanlar.com Blog\" \/>\n<meta property=\"article:published_time\" content=\"2026-01-05T14:50:17+00:00\" \/>\n<meta property=\"og:image\" content=\"https:\/\/blog.ilanlar.com\/wp-content\/uploads\/2026\/01\/plaka-degistirme-ucret.webp\" \/>\n\t<meta property=\"og:image:width\" content=\"845\" \/>\n\t<meta property=\"og:image:height\" content=\"567\" \/>\n\t<meta property=\"og:image:type\" content=\"image\/webp\" \/>\n<meta name=\"author\" content=\"wp_user\" \/>\n<meta name=\"twitter:card\" content=\"summary_large_image\" \/>\n<meta name=\"twitter:label1\" content=\"Written by\" \/>\n\t<meta name=\"twitter:data1\" content=\"wp_user\" \/>\n\t<meta name=\"twitter:label2\" content=\"Est. reading time\" \/>\n\t<meta name=\"twitter:data2\" content=\"4 minutes\" \/>\n<script type=\"application\/ld+json\" class=\"yoast-schema-graph\">{\"@context\":\"https:\/\/schema.org\",\"@graph\":[{\"@type\":\"Article\",\"@id\":\"https:\/\/blog.ilanlar.com\/plaka-degistirme-ucreti-2026-yilinda-ne-kadar\/#article\",\"isPartOf\":{\"@id\":\"https:\/\/blog.ilanlar.com\/plaka-degistirme-ucreti-2026-yilinda-ne-kadar\/\"},\"author\":{\"name\":\"wp_user\",\"@id\":\"https:\/\/blog.ilanlar.com\/#\/schema\/person\/d969e1532a9b639017ecae4079549ee3\"},\"headline\":\"Plaka De\u011fi\u015ftirme \u00dccreti 2026 Y\u0131l\u0131nda Ne Kadar?\",\"datePublished\":\"2026-01-05T14:50:17+00:00\",\"dateModified\":\"2026-01-05T14:50:17+00:00\",\"mainEntityOfPage\":{\"@id\":\"https:\/\/blog.ilanlar.com\/plaka-degistirme-ucreti-2026-yilinda-ne-kadar\/\"},\"wordCount\":1229,\"commentCount\":0,\"publisher\":{\"@id\":\"https:\/\/blog.ilanlar.com\/#organization\"},\"image\":{\"@id\":\"https:\/\/blog.ilanlar.com\/plaka-degistirme-ucreti-2026-yilinda-ne-kadar\/#primaryimage\"},\"thumbnailUrl\":\"https:\/\/blog.ilanlar.com\/wp-content\/uploads\/2026\/01\/plaka-degistirme-ucret.webp\",\"keywords\":[\"plaka de\u011fi\u015ftirme\"],\"articleSection\":[\"Genel\"],\"inLanguage\":\"en-US\",\"potentialAction\":[{\"@type\":\"CommentAction\",\"name\":\"Comment\",\"target\":[\"https:\/\/blog.ilanlar.com\/plaka-degistirme-ucreti-2026-yilinda-ne-kadar\/#respond\"]}]},{\"@type\":\"WebPage\",\"@id\":\"https:\/\/blog.ilanlar.com\/plaka-degistirme-ucreti-2026-yilinda-ne-kadar\/\",\"url\":\"https:\/\/blog.ilanlar.com\/plaka-degistirme-ucreti-2026-yilinda-ne-kadar\/\",\"name\":\"Plaka De\u011fi\u015ftirme \u00dccreti 2026 Y\u0131l\u0131nda Ne Kadar? - ilanlar.com Blog\",\"isPartOf\":{\"@id\":\"https:\/\/blog.ilanlar.com\/#website\"},\"primaryImageOfPage\":{\"@id\":\"https:\/\/blog.ilanlar.com\/plaka-degistirme-ucreti-2026-yilinda-ne-kadar\/#primaryimage\"},\"image\":{\"@id\":\"https:\/\/blog.ilanlar.com\/plaka-degistirme-ucreti-2026-yilinda-ne-kadar\/#primaryimage\"},\"thumbnailUrl\":\"https:\/\/blog.ilanlar.com\/wp-content\/uploads\/2026\/01\/plaka-degistirme-ucret.webp\",\"datePublished\":\"2026-01-05T14:50:17+00:00\",\"dateModified\":\"2026-01-05T14:50:17+00:00\",\"description\":\"Plaka de\u011fi\u015ftirme \u00fccreti bir\u00e7ok s\u00fcr\u00fcc\u00fcn\u00fcn merak etti\u011fi bir konu. Peki plaka de\u011fi\u015ftirme s\u00fcrecinde neler sizi bekliyor?\",\"breadcrumb\":{\"@id\":\"https:\/\/blog.ilanlar.com\/plaka-degistirme-ucreti-2026-yilinda-ne-kadar\/#breadcrumb\"},\"inLanguage\":\"en-US\",\"potentialAction\":[{\"@type\":\"ReadAction\",\"target\":[\"https:\/\/blog.ilanlar.com\/plaka-degistirme-ucreti-2026-yilinda-ne-kadar\/\"]}]},{\"@type\":\"ImageObject\",\"inLanguage\":\"en-US\",\"@id\":\"https:\/\/blog.ilanlar.com\/plaka-degistirme-ucreti-2026-yilinda-ne-kadar\/#primaryimage\",\"url\":\"https:\/\/blog.ilanlar.com\/wp-content\/uploads\/2026\/01\/plaka-degistirme-ucret.webp\",\"contentUrl\":\"https:\/\/blog.ilanlar.com\/wp-content\/uploads\/2026\/01\/plaka-degistirme-ucret.webp\",\"width\":845,\"height\":567,\"caption\":\"Plaka De\u011fi\u015ftirme \u00dccreti 2026 Y\u0131l\u0131nda Ne Kadar?\"},{\"@type\":\"BreadcrumbList\",\"@id\":\"https:\/\/blog.ilanlar.com\/plaka-degistirme-ucreti-2026-yilinda-ne-kadar\/#breadcrumb\",\"itemListElement\":[{\"@type\":\"ListItem\",\"position\":1,\"name\":\"Home\",\"item\":\"https:\/\/blog.ilanlar.com\/\"},{\"@type\":\"ListItem\",\"position\":2,\"name\":\"Plaka De\u011fi\u015ftirme \u00dccreti 2026 Y\u0131l\u0131nda Ne Kadar?\"}]},{\"@type\":\"WebSite\",\"@id\":\"https:\/\/blog.ilanlar.com\/#website\",\"url\":\"https:\/\/blog.ilanlar.com\/\",\"name\":\"ilanlar.com Blog\",\"description\":\"\",\"publisher\":{\"@id\":\"https:\/\/blog.ilanlar.com\/#organization\"},\"potentialAction\":[{\"@type\":\"SearchAction\",\"target\":{\"@type\":\"EntryPoint\",\"urlTemplate\":\"https:\/\/blog.ilanlar.com\/?s={search_term_string}\"},\"query-input\":{\"@type\":\"PropertyValueSpecification\",\"valueRequired\":true,\"valueName\":\"search_term_string\"}}],\"inLanguage\":\"en-US\"},{\"@type\":\"Organization\",\"@id\":\"https:\/\/blog.ilanlar.com\/#organization\",\"name\":\"ilanlar.com Blog\",\"url\":\"https:\/\/blog.ilanlar.com\/\",\"logo\":{\"@type\":\"ImageObject\",\"inLanguage\":\"en-US\",\"@id\":\"https:\/\/blog.ilanlar.com\/#\/schema\/logo\/image\/\",\"url\":\"https:\/\/blog.ilanlar.com\/wp-content\/uploads\/2024\/11\/ilanlar.com-Web-Logo-01.svg\",\"contentUrl\":\"https:\/\/blog.ilanlar.com\/wp-content\/uploads\/2024\/11\/ilanlar.com-Web-Logo-01.svg\",\"width\":500,\"height\":103,\"caption\":\"ilanlar.com Blog\"},\"image\":{\"@id\":\"https:\/\/blog.ilanlar.com\/#\/schema\/logo\/image\/\"}},{\"@type\":\"Person\",\"@id\":\"https:\/\/blog.ilanlar.com\/#\/schema\/person\/d969e1532a9b639017ecae4079549ee3\",\"name\":\"wp_user\",\"image\":{\"@type\":\"ImageObject\",\"inLanguage\":\"en-US\",\"@id\":\"https:\/\/blog.ilanlar.com\/#\/schema\/person\/image\/\",\"url\":\"https:\/\/secure.gravatar.com\/avatar\/0db0b73dcd11d677f0abcc4fb001cc53bfd7caea737d1083622e71b894e73a68?s=96&d=mm&r=g\",\"contentUrl\":\"https:\/\/secure.gravatar.com\/avatar\/0db0b73dcd11d677f0abcc4fb001cc53bfd7caea737d1083622e71b894e73a68?s=96&d=mm&r=g\",\"caption\":\"wp_user\"},\"sameAs\":[\"https:\/\/blog.ilanlar.com\"],\"url\":\"https:\/\/blog.ilanlar.com\/author\/wp_user\/\"}]}<\/script>\n<!-- \/ Yoast SEO plugin. -->","yoast_head_json":{"title":"Plaka De\u011fi\u015ftirme \u00dccreti 2026 Y\u0131l\u0131nda Ne Kadar? - ilanlar.com Blog","description":"Plaka de\u011fi\u015ftirme \u00fccreti bir\u00e7ok s\u00fcr\u00fcc\u00fcn\u00fcn merak etti\u011fi bir konu. Peki plaka de\u011fi\u015ftirme s\u00fcrecinde neler sizi bekliyor?","robots":{"index":"index","follow":"follow","max-snippet":"max-snippet:-1","max-image-preview":"max-image-preview:large","max-video-preview":"max-video-preview:-1"},"canonical":"https:\/\/ilanlar.com\/plaka-degistirme-ucreti-2026-yilinda-ne-kadar","og_locale":"en_US","og_type":"article","og_title":"Plaka De\u011fi\u015ftirme \u00dccreti 2026 Y\u0131l\u0131nda Ne Kadar? - ilanlar.com Blog","og_description":"Plaka de\u011fi\u015ftirme \u00fccreti bir\u00e7ok s\u00fcr\u00fcc\u00fcn\u00fcn merak etti\u011fi bir konu. Peki plaka de\u011fi\u015ftirme s\u00fcrecinde neler sizi bekliyor?","og_url":"https:\/\/blog.ilanlar.com\/plaka-degistirme-ucreti-2026-yilinda-ne-kadar\/","og_site_name":"ilanlar.com Blog","article_published_time":"2026-01-05T14:50:17+00:00","og_image":[{"width":845,"height":567,"url":"https:\/\/blog.ilanlar.com\/wp-content\/uploads\/2026\/01\/plaka-degistirme-ucret.webp","type":"image\/webp"}],"author":"wp_user","twitter_card":"summary_large_image","twitter_misc":{"Written by":"wp_user","Est. reading time":"4 minutes"},"schema":{"@context":"https:\/\/schema.org","@graph":[{"@type":"Article","@id":"https:\/\/blog.ilanlar.com\/plaka-degistirme-ucreti-2026-yilinda-ne-kadar\/#article","isPartOf":{"@id":"https:\/\/blog.ilanlar.com\/plaka-degistirme-ucreti-2026-yilinda-ne-kadar\/"},"author":{"name":"wp_user","@id":"https:\/\/blog.ilanlar.com\/#\/schema\/person\/d969e1532a9b639017ecae4079549ee3"},"headline":"Plaka De\u011fi\u015ftirme \u00dccreti 2026 Y\u0131l\u0131nda Ne Kadar?","datePublished":"2026-01-05T14:50:17+00:00","dateModified":"2026-01-05T14:50:17+00:00","mainEntityOfPage":{"@id":"https:\/\/blog.ilanlar.com\/plaka-degistirme-ucreti-2026-yilinda-ne-kadar\/"},"wordCount":1229,"commentCount":0,"publisher":{"@id":"https:\/\/blog.ilanlar.com\/#organization"},"image":{"@id":"https:\/\/blog.ilanlar.com\/plaka-degistirme-ucreti-2026-yilinda-ne-kadar\/#primaryimage"},"thumbnailUrl":"https:\/\/blog.ilanlar.com\/wp-content\/uploads\/2026\/01\/plaka-degistirme-ucret.webp","keywords":["plaka de\u011fi\u015ftirme"],"articleSection":["Genel"],"inLanguage":"en-US","potentialAction":[{"@type":"CommentAction","name":"Comment","target":["https:\/\/blog.ilanlar.com\/plaka-degistirme-ucreti-2026-yilinda-ne-kadar\/#respond"]}]},{"@type":"WebPage","@id":"https:\/\/blog.ilanlar.com\/plaka-degistirme-ucreti-2026-yilinda-ne-kadar\/","url":"https:\/\/blog.ilanlar.com\/plaka-degistirme-ucreti-2026-yilinda-ne-kadar\/","name":"Plaka De\u011fi\u015ftirme \u00dccreti 2026 Y\u0131l\u0131nda Ne Kadar? - ilanlar.com Blog","isPartOf":{"@id":"https:\/\/blog.ilanlar.com\/#website"},"primaryImageOfPage":{"@id":"https:\/\/blog.ilanlar.com\/plaka-degistirme-ucreti-2026-yilinda-ne-kadar\/#primaryimage"},"image":{"@id":"https:\/\/blog.ilanlar.com\/plaka-degistirme-ucreti-2026-yilinda-ne-kadar\/#primaryimage"},"thumbnailUrl":"https:\/\/blog.ilanlar.com\/wp-content\/uploads\/2026\/01\/plaka-degistirme-ucret.webp","datePublished":"2026-01-05T14:50:17+00:00","dateModified":"2026-01-05T14:50:17+00:00","description":"Plaka de\u011fi\u015ftirme \u00fccreti bir\u00e7ok s\u00fcr\u00fcc\u00fcn\u00fcn merak etti\u011fi bir konu. Peki plaka de\u011fi\u015ftirme s\u00fcrecinde neler sizi bekliyor?","breadcrumb":{"@id":"https:\/\/blog.ilanlar.com\/plaka-degistirme-ucreti-2026-yilinda-ne-kadar\/#breadcrumb"},"inLanguage":"en-US","potentialAction":[{"@type":"ReadAction","target":["https:\/\/blog.ilanlar.com\/plaka-degistirme-ucreti-2026-yilinda-ne-kadar\/"]}]},{"@type":"ImageObject","inLanguage":"en-US","@id":"https:\/\/blog.ilanlar.com\/plaka-degistirme-ucreti-2026-yilinda-ne-kadar\/#primaryimage","url":"https:\/\/blog.ilanlar.com\/wp-content\/uploads\/2026\/01\/plaka-degistirme-ucret.webp","contentUrl":"https:\/\/blog.ilanlar.com\/wp-content\/uploads\/2026\/01\/plaka-degistirme-ucret.webp","width":845,"height":567,"caption":"Plaka De\u011fi\u015ftirme \u00dccreti 2026 Y\u0131l\u0131nda Ne Kadar?"},{"@type":"BreadcrumbList","@id":"https:\/\/blog.ilanlar.com\/plaka-degistirme-ucreti-2026-yilinda-ne-kadar\/#breadcrumb","itemListElement":[{"@type":"ListItem","position":1,"name":"Home","item":"https:\/\/blog.ilanlar.com\/"},{"@type":"ListItem","position":2,"name":"Plaka De\u011fi\u015ftirme \u00dccreti 2026 Y\u0131l\u0131nda Ne Kadar?"}]},{"@type":"WebSite","@id":"https:\/\/blog.ilanlar.com\/#website","url":"https:\/\/blog.ilanlar.com\/","name":"ilanlar.com Blog","description":"","publisher":{"@id":"https:\/\/blog.ilanlar.com\/#organization"},"potentialAction":[{"@type":"SearchAction","target":{"@type":"EntryPoint","urlTemplate":"https:\/\/blog.ilanlar.com\/?s={search_term_string}"},"query-input":{"@type":"PropertyValueSpecification","valueRequired":true,"valueName":"search_term_string"}}],"inLanguage":"en-US"},{"@type":"Organization","@id":"https:\/\/blog.ilanlar.com\/#organization","name":"ilanlar.com Blog","url":"https:\/\/blog.ilanlar.com\/","logo":{"@type":"ImageObject","inLanguage":"en-US","@id":"https:\/\/blog.ilanlar.com\/#\/schema\/logo\/image\/","url":"https:\/\/blog.ilanlar.com\/wp-content\/uploads\/2024\/11\/ilanlar.com-Web-Logo-01.svg","contentUrl":"https:\/\/blog.ilanlar.com\/wp-content\/uploads\/2024\/11\/ilanlar.com-Web-Logo-01.svg","width":500,"height":103,"caption":"ilanlar.com Blog"},"image":{"@id":"https:\/\/blog.ilanlar.com\/#\/schema\/logo\/image\/"}},{"@type":"Person","@id":"https:\/\/blog.ilanlar.com\/#\/schema\/person\/d969e1532a9b639017ecae4079549ee3","name":"wp_user","image":{"@type":"ImageObject","inLanguage":"en-US","@id":"https:\/\/blog.ilanlar.com\/#\/schema\/person\/image\/","url":"https:\/\/secure.gravatar.com\/avatar\/0db0b73dcd11d677f0abcc4fb001cc53bfd7caea737d1083622e71b894e73a68?s=96&d=mm&r=g","contentUrl":"https:\/\/secure.gravatar.com\/avatar\/0db0b73dcd11d677f0abcc4fb001cc53bfd7caea737d1083622e71b894e73a68?s=96&d=mm&r=g","caption":"wp_user"},"sameAs":["https:\/\/blog.ilanlar.com"],"url":"https:\/\/blog.ilanlar.com\/author\/wp_user\/"}]}},"_links":{"self":[{"href":"https:\/\/ilanlar.com\/blog\/wp-json\/wp\/v2\/posts\/1057","targetHints":{"allow":["GET"]}}],"collection":[{"href":"https:\/\/ilanlar.com\/blog\/wp-json\/wp\/v2\/posts"}],"about":[{"href":"https:\/\/ilanlar.com\/blog\/wp-json\/wp\/v2\/types\/post"}],"author":[{"embeddable":true,"href":"https:\/\/ilanlar.com\/blog\/wp-json\/wp\/v2\/users\/1"}],"replies":[{"embeddable":true,"href":"https:\/\/ilanlar.com\/blog\/wp-json\/wp\/v2\/comments?post=1057"}],"version-history":[{"count":1,"href":"https:\/\/ilanlar.com\/blog\/wp-json\/wp\/v2\/posts\/1057\/revisions"}],"predecessor-version":[{"id":1063,"href":"https:\/\/ilanlar.com\/blog\/wp-json\/wp\/v2\/posts\/1057\/revisions\/1063"}],"wp:featuredmedia":[{"embeddable":true,"href":"https:\/\/ilanlar.com\/blog\/wp-json\/wp\/v2\/media\/1062"}],"wp:attachment":[{"href":"https:\/\/ilanlar.com\/blog\/wp-json\/wp\/v2\/media?parent=1057"}],"wp:term":[{"taxonomy":"category","embeddable":true,"href":"https:\/\/ilanlar.com\/blog\/wp-json\/wp\/v2\/categories?post=1057"},{"taxonomy":"post_tag","embeddable":true,"href":"https:\/\/ilanlar.com\/blog\/wp-json\/wp\/v2\/tags?post=1057"}],"curies":[{"name":"wp","href":"https:\/\/api.w.org\/{rel}","templated":true}]}}