{"id":1059,"date":"2026-01-05T14:54:41","date_gmt":"2026-01-05T14:54:41","guid":{"rendered":"https:\/\/blog.ilanlar.com\/?p=1059"},"modified":"2026-01-05T14:54:41","modified_gmt":"2026-01-05T14:54:41","slug":"engelli-vatandaslar-icin-otv-indirimi-nasil-alinir-kimler-yararlanabilir","status":"publish","type":"post","link":"https:\/\/blog.ilanlar.com\/engelli-vatandaslar-icin-otv-indirimi-nasil-alinir-kimler-yararlanabilir\/","title":{"rendered":"Engelli Vatanda\u015flar \u0130\u00e7in \u00d6TV \u0130ndirimi Nas\u0131l Al\u0131n\u0131r, Kimler Yararlanabilir?"},"content":{"rendered":"<p>T\u00fcrkiye Cumhuriyeti, engelli bireylerin sosyal hayata daha aktif kat\u0131l\u0131m\u0131n\u0131 sa\u011flama maksad\u0131yla \u00e7e\u015fitli avantajlar sunar. Bunlardan biri ise engelli vatanda\u015flar i\u00e7in \u00d6TV indirimi olmaktad\u0131r. Bilindi\u011fi \u00fczere, ula\u015f\u0131m imkanlar\u0131n\u0131n artmas\u0131 ile engellilerin ya\u015fam doyumu aras\u0131nda pozitif ili\u015fki vard\u0131r. Bu ba\u011flamda engelli bireyler, \u00d6zel T\u00fcketim Vergisi indiriminden yararlanarak ara\u00e7 edinebilir. Elbette engellilere y\u00f6nelik \u00d6TV indirimi belirli \u015fartlara tabiidir. Bu i\u00e7eri\u011fimizde engelli vatanda\u015flar i\u00e7in \u00d6TV indiriminin nas\u0131l al\u0131naca\u011f\u0131na ve kimlerin yararlanabilece\u011fine de\u011finece\u011fiz.<\/p>\n<h2>Engelli Vatanda\u015flar \u0130\u00e7in \u00d6TV Muafiyeti Nedir? Temel \u015eartlar\u0131 Nelerdir?<\/h2>\n<p>\u00d6zel t\u00fcketim vergisi muafiyeti, engel oran\u0131 belirli bir d\u00fczeyin \u00fcst\u00fcnde bulunan vatanda\u015flar\u0131n yararlanabilece\u011fi bir hakt\u0131r. Engelli vatanda\u015flar i\u00e7in \u00d6TV indirimi, tam te\u015fekk\u00fcll\u00fc bir hastaneden al\u0131nan rapora tabii tutulmaktad\u0131r. Bu \u00e7er\u00e7evede engelli sa\u011fl\u0131k kurulu raporu, s\u00fcrecin temelinde bulunur. Bununla birlikte ba\u015fvuruyu yapacak vatanda\u015f\u0131n T\u00fcrkiye Cumhuriyeti vatanda\u015f\u0131 olmas\u0131 da \u00f6nemlidir. Yasal \u015fartlar\u0131 sa\u011flamayan bireylerin ise \u00d6TV muafiyetinden yararlanmas\u0131 m\u00fcmk\u00fcn de\u011fildir.<\/p>\n<p>Engelli vatanda\u015flar i\u00e7in \u00d6TV indirimi, yaln\u0131zca s\u0131f\u0131r kilometre ara\u00e7larda ge\u00e7erli bir uygulamad\u0131r. Dolay\u0131s\u0131yla <a href=\"https:\/\/www.ilanlar.com\/vasita\"><strong>ikinci el ara\u00e7<\/strong><\/a> al\u0131mlar\u0131nda \u00d6TV muafiyetinden yararlanmak s\u00f6z konusu de\u011fildir. Bu \u00e7er\u00e7evede engelli bireylerin, ara\u00e7 al\u0131m s\u00fcrecinde b\u00fct\u00e7e planlamas\u0131n\u0131 do\u011fru bir \u015fekilde yapmas\u0131 \u00f6nemlidir.<\/p>\n<h2>Engelli Vatanda\u015flar \u0130\u00e7in \u00d6TV \u0130ndiriminden Kimler Yararlanabilir?<\/h2>\n<p>Engelli vatanda\u015flar i\u00e7in \u00d6TV indirimi, bireylerin sahip oldu\u011fu engelin oran\u0131na ve t\u00fcr\u00fcne g\u00f6re de\u011ferlendirilir. \u0130lk grupta %90 ve \u00fczeri engel oran\u0131na sahip olan bireyler yer al\u0131r. Bu noktada bireyin sahip oldu\u011fu engel t\u00fcr\u00fc fark etmez. G\u00f6rme, i\u015fitme, zihinsel ya da bedensel engeli %90 \u00fczerinde olan t\u00fcm vatanda\u015flar, s\u00f6z konusu haktan yararlanabilir. Y\u00fczde 90 engelli ara\u00e7 indirimi ba\u015fvurular\u0131nda arac\u0131 yak\u0131nlar\u0131n\u0131n ya da \u00f6zel bir \u015fof\u00f6r\u00fcn kullanacak olmas\u0131 yeterlidir.<\/p>\n<p>\u00d6zel T\u00fcketim Vergisi (\u00d6TV) muafiyetinden yararlanabilecek di\u011fer bir grup ise ortopedik engeli olanlard\u0131r. Bu noktada bedenin hareket edici aksam\u0131nda kal\u0131c\u0131 fonksiyon kayb\u0131 ya\u015fayan bireyler, \u00d6TV muafiyetinden faydalanabilir. S\u00f6z konusu grupta bulunan vatanda\u015flar\u0131n engel oran\u0131 90 alt\u0131nda olsa bile haktan yararlanmak m\u00fcmk\u00fcnd\u00fcr. Fakat ortopedik bir problem ya\u015fayan bireyler yaln\u0131zca s\u00fcr\u00fcc\u00fc belgesinde belirtilen \u00f6zel tertibat kodlar\u0131na uygun ara\u00e7lar alabilir.<\/p>\n<p>Zihinsel engelli bireyler de engelli vatanda\u015flar i\u00e7in \u00d6TV indirimi hakk\u0131ndan yararlanabilir. Ancak zihinsel engeli bulunan vatanda\u015flar ad\u0131na ara\u00e7 al\u0131mlar\u0131, vasi tayini ile ger\u00e7ekle\u015fir. Ayr\u0131ca s\u00fcr\u00fcc\u00fc belgesinin \u00fczerinde \u00e7e\u015fitli k\u0131s\u0131tl\u0131l\u0131k kodlar\u0131 bulunan bireyler de bu haktan yararlanabilir. Ek olarak \u015fehir e\u015fi, \u00e7ocuklar\u0131, anne ya da babalar\u0131 da bir defaya mahsus olarak bu haktan faydalanabilir. Ehliyeti olmayan vatanda\u015flar ise haktan yararlanamayacak grupta yer almaktad\u0131r. Ayr\u0131ca sa\u011fl\u0131k raporuyla ara\u00e7 s\u00fcrmesi uygun g\u00f6r\u00fclmeyen %90 alt\u0131nda engeli bulunan bireylerin de haktan yararlanamaz.<\/p>\n<h2>Engel Oran\u0131na G\u00f6re Ba\u015fvuru S\u00fcrecinde \u00d6nemli Noktalar<\/h2>\n<p>Bireyin sahip oldu\u011fu engel oran\u0131, ba\u015fvuru s\u00fcrecinde kritik bir rol oynar. Bu noktada y\u00fczde 90 engel oran\u0131 ve daha \u00fczerindeki bireylerin, arac\u0131 kendilerinin kullanma zorunlulu\u011fu aranmaz. \u00c7\u00fcnk\u00fc sahip olduklar\u0131 durum neticesiyle ilgili bireylerin arac\u0131n\u0131, yak\u0131nlar\u0131 ya da \u00f6zel \u015fof\u00f6rleri kullanabilir. Engel oran\u0131n\u0131n %90 alt\u0131nda olmas\u0131 durumunda ise kurallar de\u011fi\u015fmektedir.<\/p>\n<p>Engel oran\u0131na g\u00f6re ba\u015fvuru s\u00fcrecinde g\u00f6z \u00f6n\u00fcnde bulundurulmas\u0131 gereken ayr\u0131nt\u0131lar \u015fu \u015fekildedir:<\/p>\n<ul>\n<li>Ortopedik bir engeli bulunan vatanda\u015flar\u0131n tertibatl\u0131 ara\u00e7 kullan\u0131m\u0131 \u015fartt\u0131r. Bu ba\u011flamda bireyin sa\u011fl\u0131k raporunda \u201ctertibatl\u0131 ara\u00e7 kullanabilir\u201d ibaresi yer almal\u0131d\u0131r.<\/li>\n<li>Yeni nesil ehliyet kodlar\u0131, raporla uyumluluk g\u00f6stermelidir.<\/li>\n<li>Engelli raporu \u00fczerinde engel t\u00fcr\u00fcn\u00fcn a\u00e7\u0131k\u00e7a yer almas\u0131, ba\u015fvuru s\u00fcreci i\u00e7in m\u00fchimdir.<\/li>\n<\/ul>\n<p>Yukar\u0131daki \u015fartlar\u0131 sa\u011flayan bireyler i\u00e7in \u00f6tv indirimi hesaplama i\u015flemi yap\u0131lmaktad\u0131r.<\/p>\n<h2>Engelli Vatanda\u015flar \u0130\u00e7in \u00d6TV \u0130ndirimi Ba\u015fvuru Ad\u0131mlar\u0131<\/h2>\n<p>Engelli vatanda\u015flar i\u00e7in \u00d6TV indirimi ba\u015fvuru s\u00fcrecinin en temel ad\u0131m\u0131, sa\u011fl\u0131k raporu almakt\u0131r. Bu noktada bireyler, MHRS \u00fczerinden ya da alternatif kanallar arac\u0131l\u0131\u011f\u0131yla hastane randevusu al\u0131r. \u0130lgili sa\u011fl\u0131k kurumunun, tam te\u015fekk\u00fcll\u00fc bir devlet hastanesi olmas\u0131 ise temel zorunluluktur. Engelli bireylerin \u00d6zel T\u00fcketim Vergisi\u2019nden yararlanmak ad\u0131na izlemesi gereken di\u011fer ad\u0131mlar a\u015fa\u011f\u0131da yer almaktad\u0131r:<\/p>\n<ul>\n<li>Sa\u011fl\u0131k raporu ald\u0131ktan sonra gerekli evrak\u0131 haz\u0131rlamak \u00f6nemlidir. Bunlar aras\u0131nda kimlik kart\u0131n\u0131n asl\u0131, raporun noter onayl\u0131 \u00f6rne\u011fi ve ehliyet yer al\u0131r.<\/li>\n<li>Zihinsel engelli bir vatanda\u015f ad\u0131na al\u0131m ger\u00e7ekle\u015ftirilecekse mahkemeden vasi karar\u0131 gerekmektedir. Vasi karar\u0131nda, ara\u00e7 al\u0131m\u0131na izin vard\u0131r maddesi bulunmal\u0131d\u0131r.<\/li>\n<li>\u00d6TV indiriminden yararlanma s\u00fcrecinde belgeleri tamamlad\u0131ktan sonra b\u00fct\u00e7eye ve yasal limitlere uygun ara\u00e7 se\u00e7imi gerekir. Bu noktada ilgili y\u0131l i\u00e7in belirlenen ara\u00e7 al\u0131m \u00fcst limitini a\u015fmamak \u00f6nemlidir.<\/li>\n<li>Bayiden proforma fatura almak ve s\u00f6z konusu belge ile vergi dairesine ba\u015fvuruda bulunmak gerekir.<\/li>\n<li>Ba\u015fvuru sonras\u0131nda vergi dairesi, vatanda\u015f\u0131n \u00d6TV muafiyeti i\u00e7in uygunlu\u011funu sisteme tan\u0131mlar.<\/li>\n<li>Onay sonras\u0131nda, bayi fatura kesimi yapar. B\u00f6ylece ruhsat i\u015flemleri ba\u015flar.<\/li>\n<\/ul>\n<p>Noter tescil i\u015flemlerinin ard\u0131ndan ise arac\u0131n plakas\u0131 ve ruhsat\u0131 teslim al\u0131n\u0131r. B\u00f6ylece s\u00fcre\u00e7 tamamlanm\u0131\u015f olur.<\/p>\n<h2>2026 \u0130\u00e7in \u00d6tv Muafiyetli Ara\u00e7 Al\u0131m Limiti Ne Kadar?<\/h2>\n<p>Her y\u0131l\u0131n ba\u015f\u0131nda ara\u00e7 al\u0131m\u0131nda uygulanacak \u00fcst limit, yetkili makamlar taraf\u0131ndan belirlenir. Bu noktada \u00d6TV muafiyet limiti 2026 y\u0131l\u0131 i\u00e7in bir \u00f6nceki senenin ekonomik verilerine g\u00f6re g\u00fcncellenmi\u015ftir. E\u011fer sat\u0131n al\u0131nacak ara\u00e7 belirlenen tutar\u0131n \u00fczerindeyse muafiyetten yararlanmak m\u00fcmk\u00fcn de\u011fildir. Ayr\u0131ca limit dahilindeki ara\u00e7lar\u0131n motor silindir hacmi noktas\u0131nda da k\u0131s\u0131tlamalar vard\u0131r. Bu ba\u011flamda l\u00fcks segmentte yer alan ara\u00e7lar, genellikle engelli vatanda\u015flar i\u00e7in \u00d6TV indiriminin d\u0131\u015f\u0131nda kal\u0131r.<\/p>\n<p>1 Ocak 2026 tarihinden itibaren ge\u00e7erli olmak \u00fczere engelli vatanda\u015flar i\u00e7in \u00d6TV indirimi limiti 2.873.972 TL olarak belirlenmi\u015ftir. \u0130lgili limitler belirlenirken arac\u0131n vergiler dahil sat\u0131\u015f fiyat\u0131 esas al\u0131nmaktad\u0131r. Bu ba\u011flamda bayi fiyatlar\u0131 ile yasal s\u0131n\u0131r aras\u0131ndaki uyum mutlaka kontrol edilmelidir. \u00d6te yandan 10 y\u0131ll\u0131k sat\u0131\u015f s\u00fcresi \u00f6ncesinde arac\u0131 satma halinde ba\u015fta \u00f6denmeyen vergiyi \u00f6deme zorunlulu\u011fu vard\u0131r.<\/p>\n<h2>\u00d6TV \u0130ndiriminden Yararlanmak \u0130\u00e7in Hangi Belgeler Gerekir?<\/h2>\n<p>Ara\u00e7 se\u00e7imi yaparak resmi onay s\u00fcrecini ba\u015flatmak gerekmektedir. Bu noktada gerekli t\u00fcm belgeleri vergi dairesine sunmal\u0131s\u0131n\u0131z. Haz\u0131rlanan belgelerin her biri g\u00fcncel ve \u0131slak imzal\u0131 olmal\u0131d\u0131r. Engelli vatanda\u015flar i\u00e7in \u00d6TV indirimi ba\u015fvuru s\u00fcrecinde istenen belgeler \u015fu \u015fekildedir:<\/p>\n<ul>\n<li>Hastaneden al\u0131nan g\u00fcncel ve ge\u00e7erli engelli sa\u011fl\u0131k kurulu raporu asl\u0131.<\/li>\n<li>Engelli bireye ait kimlik fotokopisi ve ikametgah belgesi \u00f6rne\u011fi.<\/li>\n<li>Arac\u0131 kullanacak ki\u015filerin s\u00fcr\u00fcc\u00fc belgeleri ve taahh\u00fctnameleri.<\/li>\n<li>Tertibat gereken durumlarda arac\u0131n teknik projesi ve onay belgeleri.<\/li>\n<li>Bayiden al\u0131nan proforma fatura ve arac\u0131n teknik uygunluk belgesi.<\/li>\n<\/ul>\n<p>Bu noktada dosya incelemeleri, vergi dairesi taraf\u0131ndan titizlikle y\u00fcr\u00fct\u00fclecektir.<\/p>\n<p>Bu i\u00e7eriklerimize de g\u00f6z at\u0131n:<\/p>\n<ul>\n<li><a href=\"https:\/\/blog.ilanlar.com\/2026da-ikinci-el-arac\/\">2026\u2019da \u0130kinci El Ara\u00e7 Al\u0131rken Dikkat Edilmesi Gerekenler<\/a><\/li>\n<li><a href=\"https:\/\/blog.ilanlar.com\/araba-fiyatlari-neden-artiyor\/\">Araba Fiyatlar\u0131 Neden Art\u0131yor? 2026 T\u00fcrkiye Otomobil Piyasa Analizi<\/a><\/li>\n<li><a href=\"https:\/\/blog.ilanlar.com\/araba-fiyatlarini-etkileyen-faktorler-nelerdir\/\">Araba Fiyatlar\u0131n\u0131 Etkileyen Fakt\u00f6rler Nelerdir?<\/a><\/li>\n<\/ul>\n","protected":false},"excerpt":{"rendered":"<p>T\u00fcrkiye Cumhuriyeti, engelli bireylerin sosyal hayata daha aktif kat\u0131l\u0131m\u0131n\u0131 sa\u011flama maksad\u0131yla \u00e7e\u015fitli avantajlar sunar. Bunlardan biri ise engelli vatanda\u015flar i\u00e7in \u00d6TV indirimi olmaktad\u0131r. Bilindi\u011fi \u00fczere, ula\u015f\u0131m imkanlar\u0131n\u0131n artmas\u0131 ile engellilerin ya\u015fam doyumu aras\u0131nda pozitif ili\u015fki vard\u0131r. Bu ba\u011flamda engelli bireyler, \u00d6zel T\u00fcketim Vergisi indiriminden yararlanarak ara\u00e7 edinebilir. Elbette engellilere y\u00f6nelik \u00d6TV indirimi belirli \u015fartlara tabiidir. [&hellip;]<\/p>\n","protected":false},"author":1,"featured_media":1066,"comment_status":"open","ping_status":"open","sticky":false,"template":"","format":"standard","meta":{"footnotes":""},"categories":[9],"tags":[],"class_list":["post-1059","post","type-post","status-publish","format-standard","has-post-thumbnail","hentry","category-vasita"],"yoast_head":"<!-- This site is optimized with the Yoast SEO plugin v23.9 - https:\/\/yoast.com\/wordpress\/plugins\/seo\/ -->\n<title>Engelli Vatanda\u015flar \u0130\u00e7in \u00d6TV \u0130ndirimi Nas\u0131l Al\u0131n\u0131r, Kimler Yararlanabilir? - ilanlar.com Blog<\/title>\n<meta name=\"description\" content=\"\u00d6TV indirimi, ara\u00e7 alma s\u00fcrecinde \u00f6nemli bir avantaj. Ancak \u00d6TV indirimli ara\u00e7 alma a\u015famas\u0131nda, bilgi sahibi olmak gerekiyor.\" \/>\n<meta name=\"robots\" content=\"index, follow, max-snippet:-1, max-image-preview:large, max-video-preview:-1\" \/>\n<link rel=\"canonical\" href=\"https:\/\/ilanlar.com\/engelli-vatandaslar-icin-otv-indirimi-nasil-alinir-kimler-yararlanabilir\" \/>\n<meta property=\"og:locale\" content=\"en_US\" \/>\n<meta property=\"og:type\" content=\"article\" \/>\n<meta property=\"og:title\" content=\"Engelli Vatanda\u015flar \u0130\u00e7in \u00d6TV \u0130ndirimi Nas\u0131l Al\u0131n\u0131r, Kimler Yararlanabilir? - ilanlar.com Blog\" \/>\n<meta property=\"og:description\" content=\"\u00d6TV indirimi, ara\u00e7 alma s\u00fcrecinde \u00f6nemli bir avantaj. Ancak \u00d6TV indirimli ara\u00e7 alma a\u015famas\u0131nda, bilgi sahibi olmak gerekiyor.\" \/>\n<meta property=\"og:url\" content=\"https:\/\/blog.ilanlar.com\/engelli-vatandaslar-icin-otv-indirimi-nasil-alinir-kimler-yararlanabilir\/\" \/>\n<meta property=\"og:site_name\" content=\"ilanlar.com Blog\" \/>\n<meta property=\"article:published_time\" content=\"2026-01-05T14:54:41+00:00\" \/>\n<meta property=\"og:image\" content=\"https:\/\/blog.ilanlar.com\/wp-content\/uploads\/2026\/01\/ikinci-el-arac-otv-indirimi.jpg\" \/>\n\t<meta property=\"og:image:width\" content=\"1200\" \/>\n\t<meta property=\"og:image:height\" content=\"675\" \/>\n\t<meta property=\"og:image:type\" content=\"image\/jpeg\" \/>\n<meta name=\"author\" content=\"wp_user\" \/>\n<meta name=\"twitter:card\" content=\"summary_large_image\" \/>\n<meta name=\"twitter:label1\" content=\"Written by\" \/>\n\t<meta name=\"twitter:data1\" content=\"wp_user\" \/>\n\t<meta name=\"twitter:label2\" content=\"Est. reading time\" \/>\n\t<meta name=\"twitter:data2\" content=\"5 minutes\" \/>\n<script type=\"application\/ld+json\" class=\"yoast-schema-graph\">{\"@context\":\"https:\/\/schema.org\",\"@graph\":[{\"@type\":\"Article\",\"@id\":\"https:\/\/blog.ilanlar.com\/engelli-vatandaslar-icin-otv-indirimi-nasil-alinir-kimler-yararlanabilir\/#article\",\"isPartOf\":{\"@id\":\"https:\/\/blog.ilanlar.com\/engelli-vatandaslar-icin-otv-indirimi-nasil-alinir-kimler-yararlanabilir\/\"},\"author\":{\"name\":\"wp_user\",\"@id\":\"https:\/\/blog.ilanlar.com\/#\/schema\/person\/d969e1532a9b639017ecae4079549ee3\"},\"headline\":\"Engelli Vatanda\u015flar \u0130\u00e7in \u00d6TV \u0130ndirimi Nas\u0131l Al\u0131n\u0131r, Kimler Yararlanabilir?\",\"datePublished\":\"2026-01-05T14:54:41+00:00\",\"dateModified\":\"2026-01-05T14:54:41+00:00\",\"mainEntityOfPage\":{\"@id\":\"https:\/\/blog.ilanlar.com\/engelli-vatandaslar-icin-otv-indirimi-nasil-alinir-kimler-yararlanabilir\/\"},\"wordCount\":1285,\"commentCount\":0,\"publisher\":{\"@id\":\"https:\/\/blog.ilanlar.com\/#organization\"},\"image\":{\"@id\":\"https:\/\/blog.ilanlar.com\/engelli-vatandaslar-icin-otv-indirimi-nasil-alinir-kimler-yararlanabilir\/#primaryimage\"},\"thumbnailUrl\":\"https:\/\/blog.ilanlar.com\/wp-content\/uploads\/2026\/01\/ikinci-el-arac-otv-indirimi.jpg\",\"articleSection\":[\"Vas\u0131ta\"],\"inLanguage\":\"en-US\",\"potentialAction\":[{\"@type\":\"CommentAction\",\"name\":\"Comment\",\"target\":[\"https:\/\/blog.ilanlar.com\/engelli-vatandaslar-icin-otv-indirimi-nasil-alinir-kimler-yararlanabilir\/#respond\"]}]},{\"@type\":\"WebPage\",\"@id\":\"https:\/\/blog.ilanlar.com\/engelli-vatandaslar-icin-otv-indirimi-nasil-alinir-kimler-yararlanabilir\/\",\"url\":\"https:\/\/blog.ilanlar.com\/engelli-vatandaslar-icin-otv-indirimi-nasil-alinir-kimler-yararlanabilir\/\",\"name\":\"Engelli Vatanda\u015flar \u0130\u00e7in \u00d6TV \u0130ndirimi Nas\u0131l Al\u0131n\u0131r, Kimler Yararlanabilir? - ilanlar.com Blog\",\"isPartOf\":{\"@id\":\"https:\/\/blog.ilanlar.com\/#website\"},\"primaryImageOfPage\":{\"@id\":\"https:\/\/blog.ilanlar.com\/engelli-vatandaslar-icin-otv-indirimi-nasil-alinir-kimler-yararlanabilir\/#primaryimage\"},\"image\":{\"@id\":\"https:\/\/blog.ilanlar.com\/engelli-vatandaslar-icin-otv-indirimi-nasil-alinir-kimler-yararlanabilir\/#primaryimage\"},\"thumbnailUrl\":\"https:\/\/blog.ilanlar.com\/wp-content\/uploads\/2026\/01\/ikinci-el-arac-otv-indirimi.jpg\",\"datePublished\":\"2026-01-05T14:54:41+00:00\",\"dateModified\":\"2026-01-05T14:54:41+00:00\",\"description\":\"\u00d6TV indirimi, ara\u00e7 alma s\u00fcrecinde \u00f6nemli bir avantaj. Ancak \u00d6TV indirimli ara\u00e7 alma a\u015famas\u0131nda, bilgi sahibi olmak gerekiyor.\",\"breadcrumb\":{\"@id\":\"https:\/\/blog.ilanlar.com\/engelli-vatandaslar-icin-otv-indirimi-nasil-alinir-kimler-yararlanabilir\/#breadcrumb\"},\"inLanguage\":\"en-US\",\"potentialAction\":[{\"@type\":\"ReadAction\",\"target\":[\"https:\/\/blog.ilanlar.com\/engelli-vatandaslar-icin-otv-indirimi-nasil-alinir-kimler-yararlanabilir\/\"]}]},{\"@type\":\"ImageObject\",\"inLanguage\":\"en-US\",\"@id\":\"https:\/\/blog.ilanlar.com\/engelli-vatandaslar-icin-otv-indirimi-nasil-alinir-kimler-yararlanabilir\/#primaryimage\",\"url\":\"https:\/\/blog.ilanlar.com\/wp-content\/uploads\/2026\/01\/ikinci-el-arac-otv-indirimi.jpg\",\"contentUrl\":\"https:\/\/blog.ilanlar.com\/wp-content\/uploads\/2026\/01\/ikinci-el-arac-otv-indirimi.jpg\",\"width\":1200,\"height\":675,\"caption\":\"Engelli Vatanda\u015flar \u0130\u00e7in \u00d6TV \u0130ndirimi Nas\u0131l Al\u0131n\u0131r, Kimler Yararlanabilir?\"},{\"@type\":\"BreadcrumbList\",\"@id\":\"https:\/\/blog.ilanlar.com\/engelli-vatandaslar-icin-otv-indirimi-nasil-alinir-kimler-yararlanabilir\/#breadcrumb\",\"itemListElement\":[{\"@type\":\"ListItem\",\"position\":1,\"name\":\"Home\",\"item\":\"https:\/\/blog.ilanlar.com\/\"},{\"@type\":\"ListItem\",\"position\":2,\"name\":\"Engelli Vatanda\u015flar \u0130\u00e7in \u00d6TV \u0130ndirimi Nas\u0131l Al\u0131n\u0131r, Kimler Yararlanabilir?\"}]},{\"@type\":\"WebSite\",\"@id\":\"https:\/\/blog.ilanlar.com\/#website\",\"url\":\"https:\/\/blog.ilanlar.com\/\",\"name\":\"ilanlar.com Blog\",\"description\":\"\",\"publisher\":{\"@id\":\"https:\/\/blog.ilanlar.com\/#organization\"},\"potentialAction\":[{\"@type\":\"SearchAction\",\"target\":{\"@type\":\"EntryPoint\",\"urlTemplate\":\"https:\/\/blog.ilanlar.com\/?s={search_term_string}\"},\"query-input\":{\"@type\":\"PropertyValueSpecification\",\"valueRequired\":true,\"valueName\":\"search_term_string\"}}],\"inLanguage\":\"en-US\"},{\"@type\":\"Organization\",\"@id\":\"https:\/\/blog.ilanlar.com\/#organization\",\"name\":\"ilanlar.com Blog\",\"url\":\"https:\/\/blog.ilanlar.com\/\",\"logo\":{\"@type\":\"ImageObject\",\"inLanguage\":\"en-US\",\"@id\":\"https:\/\/blog.ilanlar.com\/#\/schema\/logo\/image\/\",\"url\":\"https:\/\/blog.ilanlar.com\/wp-content\/uploads\/2024\/11\/ilanlar.com-Web-Logo-01.svg\",\"contentUrl\":\"https:\/\/blog.ilanlar.com\/wp-content\/uploads\/2024\/11\/ilanlar.com-Web-Logo-01.svg\",\"width\":500,\"height\":103,\"caption\":\"ilanlar.com Blog\"},\"image\":{\"@id\":\"https:\/\/blog.ilanlar.com\/#\/schema\/logo\/image\/\"}},{\"@type\":\"Person\",\"@id\":\"https:\/\/blog.ilanlar.com\/#\/schema\/person\/d969e1532a9b639017ecae4079549ee3\",\"name\":\"wp_user\",\"image\":{\"@type\":\"ImageObject\",\"inLanguage\":\"en-US\",\"@id\":\"https:\/\/blog.ilanlar.com\/#\/schema\/person\/image\/\",\"url\":\"https:\/\/secure.gravatar.com\/avatar\/0db0b73dcd11d677f0abcc4fb001cc53bfd7caea737d1083622e71b894e73a68?s=96&d=mm&r=g\",\"contentUrl\":\"https:\/\/secure.gravatar.com\/avatar\/0db0b73dcd11d677f0abcc4fb001cc53bfd7caea737d1083622e71b894e73a68?s=96&d=mm&r=g\",\"caption\":\"wp_user\"},\"sameAs\":[\"https:\/\/blog.ilanlar.com\"],\"url\":\"https:\/\/blog.ilanlar.com\/author\/wp_user\/\"}]}<\/script>\n<!-- \/ Yoast SEO plugin. -->","yoast_head_json":{"title":"Engelli Vatanda\u015flar \u0130\u00e7in \u00d6TV \u0130ndirimi Nas\u0131l Al\u0131n\u0131r, Kimler Yararlanabilir? - ilanlar.com Blog","description":"\u00d6TV indirimi, ara\u00e7 alma s\u00fcrecinde \u00f6nemli bir avantaj. Ancak \u00d6TV indirimli ara\u00e7 alma a\u015famas\u0131nda, bilgi sahibi olmak gerekiyor.","robots":{"index":"index","follow":"follow","max-snippet":"max-snippet:-1","max-image-preview":"max-image-preview:large","max-video-preview":"max-video-preview:-1"},"canonical":"https:\/\/ilanlar.com\/engelli-vatandaslar-icin-otv-indirimi-nasil-alinir-kimler-yararlanabilir","og_locale":"en_US","og_type":"article","og_title":"Engelli Vatanda\u015flar \u0130\u00e7in \u00d6TV \u0130ndirimi Nas\u0131l Al\u0131n\u0131r, Kimler Yararlanabilir? - ilanlar.com Blog","og_description":"\u00d6TV indirimi, ara\u00e7 alma s\u00fcrecinde \u00f6nemli bir avantaj. Ancak \u00d6TV indirimli ara\u00e7 alma a\u015famas\u0131nda, bilgi sahibi olmak gerekiyor.","og_url":"https:\/\/blog.ilanlar.com\/engelli-vatandaslar-icin-otv-indirimi-nasil-alinir-kimler-yararlanabilir\/","og_site_name":"ilanlar.com Blog","article_published_time":"2026-01-05T14:54:41+00:00","og_image":[{"width":1200,"height":675,"url":"https:\/\/blog.ilanlar.com\/wp-content\/uploads\/2026\/01\/ikinci-el-arac-otv-indirimi.jpg","type":"image\/jpeg"}],"author":"wp_user","twitter_card":"summary_large_image","twitter_misc":{"Written by":"wp_user","Est. reading time":"5 minutes"},"schema":{"@context":"https:\/\/schema.org","@graph":[{"@type":"Article","@id":"https:\/\/blog.ilanlar.com\/engelli-vatandaslar-icin-otv-indirimi-nasil-alinir-kimler-yararlanabilir\/#article","isPartOf":{"@id":"https:\/\/blog.ilanlar.com\/engelli-vatandaslar-icin-otv-indirimi-nasil-alinir-kimler-yararlanabilir\/"},"author":{"name":"wp_user","@id":"https:\/\/blog.ilanlar.com\/#\/schema\/person\/d969e1532a9b639017ecae4079549ee3"},"headline":"Engelli Vatanda\u015flar \u0130\u00e7in \u00d6TV \u0130ndirimi Nas\u0131l Al\u0131n\u0131r, Kimler Yararlanabilir?","datePublished":"2026-01-05T14:54:41+00:00","dateModified":"2026-01-05T14:54:41+00:00","mainEntityOfPage":{"@id":"https:\/\/blog.ilanlar.com\/engelli-vatandaslar-icin-otv-indirimi-nasil-alinir-kimler-yararlanabilir\/"},"wordCount":1285,"commentCount":0,"publisher":{"@id":"https:\/\/blog.ilanlar.com\/#organization"},"image":{"@id":"https:\/\/blog.ilanlar.com\/engelli-vatandaslar-icin-otv-indirimi-nasil-alinir-kimler-yararlanabilir\/#primaryimage"},"thumbnailUrl":"https:\/\/blog.ilanlar.com\/wp-content\/uploads\/2026\/01\/ikinci-el-arac-otv-indirimi.jpg","articleSection":["Vas\u0131ta"],"inLanguage":"en-US","potentialAction":[{"@type":"CommentAction","name":"Comment","target":["https:\/\/blog.ilanlar.com\/engelli-vatandaslar-icin-otv-indirimi-nasil-alinir-kimler-yararlanabilir\/#respond"]}]},{"@type":"WebPage","@id":"https:\/\/blog.ilanlar.com\/engelli-vatandaslar-icin-otv-indirimi-nasil-alinir-kimler-yararlanabilir\/","url":"https:\/\/blog.ilanlar.com\/engelli-vatandaslar-icin-otv-indirimi-nasil-alinir-kimler-yararlanabilir\/","name":"Engelli Vatanda\u015flar \u0130\u00e7in \u00d6TV \u0130ndirimi Nas\u0131l Al\u0131n\u0131r, Kimler Yararlanabilir? - ilanlar.com Blog","isPartOf":{"@id":"https:\/\/blog.ilanlar.com\/#website"},"primaryImageOfPage":{"@id":"https:\/\/blog.ilanlar.com\/engelli-vatandaslar-icin-otv-indirimi-nasil-alinir-kimler-yararlanabilir\/#primaryimage"},"image":{"@id":"https:\/\/blog.ilanlar.com\/engelli-vatandaslar-icin-otv-indirimi-nasil-alinir-kimler-yararlanabilir\/#primaryimage"},"thumbnailUrl":"https:\/\/blog.ilanlar.com\/wp-content\/uploads\/2026\/01\/ikinci-el-arac-otv-indirimi.jpg","datePublished":"2026-01-05T14:54:41+00:00","dateModified":"2026-01-05T14:54:41+00:00","description":"\u00d6TV indirimi, ara\u00e7 alma s\u00fcrecinde \u00f6nemli bir avantaj. Ancak \u00d6TV indirimli ara\u00e7 alma a\u015famas\u0131nda, bilgi sahibi olmak gerekiyor.","breadcrumb":{"@id":"https:\/\/blog.ilanlar.com\/engelli-vatandaslar-icin-otv-indirimi-nasil-alinir-kimler-yararlanabilir\/#breadcrumb"},"inLanguage":"en-US","potentialAction":[{"@type":"ReadAction","target":["https:\/\/blog.ilanlar.com\/engelli-vatandaslar-icin-otv-indirimi-nasil-alinir-kimler-yararlanabilir\/"]}]},{"@type":"ImageObject","inLanguage":"en-US","@id":"https:\/\/blog.ilanlar.com\/engelli-vatandaslar-icin-otv-indirimi-nasil-alinir-kimler-yararlanabilir\/#primaryimage","url":"https:\/\/blog.ilanlar.com\/wp-content\/uploads\/2026\/01\/ikinci-el-arac-otv-indirimi.jpg","contentUrl":"https:\/\/blog.ilanlar.com\/wp-content\/uploads\/2026\/01\/ikinci-el-arac-otv-indirimi.jpg","width":1200,"height":675,"caption":"Engelli Vatanda\u015flar \u0130\u00e7in \u00d6TV \u0130ndirimi Nas\u0131l Al\u0131n\u0131r, Kimler Yararlanabilir?"},{"@type":"BreadcrumbList","@id":"https:\/\/blog.ilanlar.com\/engelli-vatandaslar-icin-otv-indirimi-nasil-alinir-kimler-yararlanabilir\/#breadcrumb","itemListElement":[{"@type":"ListItem","position":1,"name":"Home","item":"https:\/\/blog.ilanlar.com\/"},{"@type":"ListItem","position":2,"name":"Engelli Vatanda\u015flar \u0130\u00e7in \u00d6TV \u0130ndirimi Nas\u0131l Al\u0131n\u0131r, Kimler Yararlanabilir?"}]},{"@type":"WebSite","@id":"https:\/\/blog.ilanlar.com\/#website","url":"https:\/\/blog.ilanlar.com\/","name":"ilanlar.com Blog","description":"","publisher":{"@id":"https:\/\/blog.ilanlar.com\/#organization"},"potentialAction":[{"@type":"SearchAction","target":{"@type":"EntryPoint","urlTemplate":"https:\/\/blog.ilanlar.com\/?s={search_term_string}"},"query-input":{"@type":"PropertyValueSpecification","valueRequired":true,"valueName":"search_term_string"}}],"inLanguage":"en-US"},{"@type":"Organization","@id":"https:\/\/blog.ilanlar.com\/#organization","name":"ilanlar.com Blog","url":"https:\/\/blog.ilanlar.com\/","logo":{"@type":"ImageObject","inLanguage":"en-US","@id":"https:\/\/blog.ilanlar.com\/#\/schema\/logo\/image\/","url":"https:\/\/blog.ilanlar.com\/wp-content\/uploads\/2024\/11\/ilanlar.com-Web-Logo-01.svg","contentUrl":"https:\/\/blog.ilanlar.com\/wp-content\/uploads\/2024\/11\/ilanlar.com-Web-Logo-01.svg","width":500,"height":103,"caption":"ilanlar.com Blog"},"image":{"@id":"https:\/\/blog.ilanlar.com\/#\/schema\/logo\/image\/"}},{"@type":"Person","@id":"https:\/\/blog.ilanlar.com\/#\/schema\/person\/d969e1532a9b639017ecae4079549ee3","name":"wp_user","image":{"@type":"ImageObject","inLanguage":"en-US","@id":"https:\/\/blog.ilanlar.com\/#\/schema\/person\/image\/","url":"https:\/\/secure.gravatar.com\/avatar\/0db0b73dcd11d677f0abcc4fb001cc53bfd7caea737d1083622e71b894e73a68?s=96&d=mm&r=g","contentUrl":"https:\/\/secure.gravatar.com\/avatar\/0db0b73dcd11d677f0abcc4fb001cc53bfd7caea737d1083622e71b894e73a68?s=96&d=mm&r=g","caption":"wp_user"},"sameAs":["https:\/\/blog.ilanlar.com"],"url":"https:\/\/blog.ilanlar.com\/author\/wp_user\/"}]}},"_links":{"self":[{"href":"https:\/\/ilanlar.com\/blog\/wp-json\/wp\/v2\/posts\/1059","targetHints":{"allow":["GET"]}}],"collection":[{"href":"https:\/\/ilanlar.com\/blog\/wp-json\/wp\/v2\/posts"}],"about":[{"href":"https:\/\/ilanlar.com\/blog\/wp-json\/wp\/v2\/types\/post"}],"author":[{"embeddable":true,"href":"https:\/\/ilanlar.com\/blog\/wp-json\/wp\/v2\/users\/1"}],"replies":[{"embeddable":true,"href":"https:\/\/ilanlar.com\/blog\/wp-json\/wp\/v2\/comments?post=1059"}],"version-history":[{"count":1,"href":"https:\/\/ilanlar.com\/blog\/wp-json\/wp\/v2\/posts\/1059\/revisions"}],"predecessor-version":[{"id":1067,"href":"https:\/\/ilanlar.com\/blog\/wp-json\/wp\/v2\/posts\/1059\/revisions\/1067"}],"wp:featuredmedia":[{"embeddable":true,"href":"https:\/\/ilanlar.com\/blog\/wp-json\/wp\/v2\/media\/1066"}],"wp:attachment":[{"href":"https:\/\/ilanlar.com\/blog\/wp-json\/wp\/v2\/media?parent=1059"}],"wp:term":[{"taxonomy":"category","embeddable":true,"href":"https:\/\/ilanlar.com\/blog\/wp-json\/wp\/v2\/categories?post=1059"},{"taxonomy":"post_tag","embeddable":true,"href":"https:\/\/ilanlar.com\/blog\/wp-json\/wp\/v2\/tags?post=1059"}],"curies":[{"name":"wp","href":"https:\/\/api.w.org\/{rel}","templated":true}]}}